{"id":380,"date":"2026-03-10T09:32:38","date_gmt":"2026-03-10T09:32:38","guid":{"rendered":"https:\/\/gare-online.it\/?p=380"},"modified":"2026-04-02T07:06:40","modified_gmt":"2026-04-02T07:06:40","slug":"mtb-gravel-race-2026-pedala-per-aurora-il-23-maggio","status":"publish","type":"post","link":"https:\/\/gare-online.it\/index.php\/2026\/03\/10\/mtb-gravel-race-2026-pedala-per-aurora-il-23-maggio\/","title":{"rendered":"MTB &amp; Gravel Race 2026: pedala per Aurora il 23 maggio"},"content":{"rendered":"\n<p>Sabato <strong>23 maggio 2026<\/strong> si svolger\u00e0 una speciale <strong>MTB &amp; Gravel Race<\/strong>, un evento sportivo che unisce la passione per la bicicletta alla solidariet\u00e0. La gara sar\u00e0 anche un\u2019occasione importante per sostenere <strong>Aurora<\/strong>, una bambina nata senza femore che necessita di un delicato intervento negli Stati Uniti e di un lungo percorso di riabilitazione.<\/p>\n\n\n\n<p>L\u2019iniziativa invita tutti gli appassionati di ciclismo a <strong>partecipare alla gara o contribuire con una donazione<\/strong>, trasformando ogni pedalata in un gesto concreto di solidariet\u00e0.<\/p>\n\n\n\n<p><strong>Una gara per pedalare insieme e aiutare Aurora<\/strong><\/p>\n\n\n\n<p>Lo slogan dell\u2019evento \u00e8 chiaro:<\/p>\n\n\n\n<p><strong>\u201cOgni pedalata \u00e8 un passo per Aurora.\u201d<\/strong><\/p>\n\n\n\n<p>Aurora ha bisogno di un importante intervento chirurgico e di mesi di riabilitazione per poter muovere i suoi primi passi e crescere in libert\u00e0.<\/p>\n\n\n\n<p>Per sostenere questo percorso servono <strong>500.000 euro<\/strong>, una cifra importante che la comunit\u00e0 sportiva e il territorio stanno cercando di raccogliere anche attraverso eventi come questa gara.<\/p>\n\n\n\n<p>Ogni contributo rappresenta <strong>un passo verso il suo sogno<\/strong>.<\/p>\n\n\n\n<p><strong>Programma della giornata<\/strong><\/p>\n\n\n\n<p>La giornata del <strong>23 maggio 2026<\/strong> sar\u00e0 ricca di attivit\u00e0:<\/p>\n\n\n\n<ul class=\"wp-block-list\">\n<li><strong>Dalle ore 10:00 alle ore 16:00<\/strong> sar\u00e0 allestita un\u2019area espositiva dedicata ad <strong>auto e vespe d\u2019epoca<\/strong><\/li>\n\n\n\n<li><strong>Ore 10:00<\/strong> Apertura Segreteria per registrazione partenti gara ciclistica<\/li>\n\n\n\n<li><strong>Ore 11:00<\/strong> partenza della gara <strong>\u201cCross Country Corri per Aurora\u201d<\/strong><\/li>\n<\/ul>\n\n\n\n<p>Un\u2019occasione per vivere una giornata di sport, solidariet\u00e0 e condivisione.<\/p>\n\n\n\n<p><strong>Come partecipare alla gara<\/strong><\/p>\n\n\n\n<p>Tutti gli interessati possono partecipare alla <strong>MTB &amp; Gravel Race<\/strong> iscrivendosi all\u2019evento tramite il sito gare-online.it alla sezione dedicata all&#8217;evento <a href=\"https:\/\/www.app.gare-online.it\/index.php?page=race_public&amp;race_id=14\" target=\"_blank\" rel=\"noreferrer noopener\">GRAVEL &amp; MTB RACE &#8211; CORRI PER AURORA <\/a> nella pagina sono presenti tutte le indicazioni.<\/p>\n\n\n\n<p>Partecipare significa non solo vivere una competizione sportiva, ma <strong>contribuire concretamente alla raccolta fondi per Aurora<\/strong>.<\/p>\n\n\n\n<p><strong>Dona e sostieni Aurora<\/strong> accedi a <a href=\"https:\/\/www.gofundme.com\/f\/pedaliamo-per-aurora-mtb-race-solidale-del-23-maggio-2026?attribution_id=sl:d955794a-83ad-4b36-a44b-51316a5af95e&amp;lang=it_IT&amp;ts=1773087332&amp;utm_campaign=fp_sharesheet&amp;utm_content=amp20_control&amp;utm_medium=customer&amp;utm_source=copy_link\" target=\"_blank\" rel=\"noreferrer noopener\">GoFoundMe <\/a>per donare<\/p>\n\n\n\n<p>Chi non pu\u00f2 partecipare alla gara pu\u00f2 comunque dare il proprio contributo attraverso una <strong>donazione<\/strong>.<\/p>\n\n\n\n<p>L\u2019obiettivo della raccolta fondi \u00e8 aiutare Aurora ad affrontare l\u2019intervento chirurgico necessario e il percorso di riabilitazione che le permetter\u00e0 di <strong>muovere i suoi primi passi e crescere con maggiore autonomia<\/strong>.<\/p>\n\n\n\n<p><strong>Organizzazione dell\u2019evento<\/strong><\/p>\n\n\n\n<p>L\u2019evento \u00e8 promosso e sostenuto da diverse realt\u00e0 del territorio, tra cui:<\/p>\n\n\n\n<ul class=\"wp-block-list\">\n<li><strong>Azienda Agraria Sperimentale \u2013 Universit\u00e0 di Padova<\/strong><\/li>\n\n\n\n<li><strong>PMF \u2013 Polo Multifunzionale di Agripolis<\/strong><\/li>\n\n\n\n<li><strong><a href=\"https:\/\/www.arcsunipd.it\/\" target=\"_blank\" rel=\"noreferrer noopener\">P<\/a><\/strong><a href=\"https:\/\/www.arcsunipd.it\/\" target=\"_blank\" rel=\"noreferrer noopener\">olisportiva ARCS UNIPD<\/a><\/li>\n\n\n\n<li><a href=\"https:\/\/www.scpontesannicolo.it\/\" target=\"_blank\" rel=\"noreferrer noopener\">ASD S.C. Ponte San Nicol\u00f2<\/a><\/li>\n<\/ul>\n\n\n\n<p><strong>Un evento di sport e solidariet\u00e0<\/strong><\/p>\n\n\n\n<p>La <strong>MTB &amp; Gravel Race del 23 maggio 2026<\/strong> rappresenta molto pi\u00f9 di una semplice gara ciclistica. \u00c8 un momento in cui lo sport diventa uno strumento per unire le persone e sostenere una causa importante.<\/p>\n\n\n\n<p>Partecipare, donare o semplicemente condividere l\u2019iniziativa significa contribuire a dare ad Aurora la possibilit\u00e0 di realizzare il suo sogno.<\/p>\n\n\n\n<p><strong>Ogni pedalata pu\u00f2 davvero fare la differenza.<\/strong><\/p>\n","protected":false},"excerpt":{"rendered":"<p>Sabato 23 maggio 2026 si svolger\u00e0 una speciale MTB &amp; Gravel Race, un evento sportivo che unisce la passione per la bicicletta alla solidariet\u00e0. La gara sar\u00e0 anche un\u2019occasione importante per sostenere Aurora, una bambina nata senza femore che necessita di un delicato intervento negli Stati Uniti e di un lungo percorso di riabilitazione. L\u2019iniziativa [&hellip;]<\/p>\n","protected":false},"author":1,"featured_media":381,"comment_status":"closed","ping_status":"open","sticky":false,"template":"","format":"standard","meta":{"footnotes":""},"categories":[15],"tags":[23,24,22],"class_list":["post-380","post","type-post","status-publish","format-standard","has-post-thumbnail","hentry","category-notizie","tag-gravel","tag-mtb","tag-pedala-per-aurora"],"_links":{"self":[{"href":"https:\/\/gare-online.it\/index.php\/wp-json\/wp\/v2\/posts\/380","targetHints":{"allow":["GET"]}}],"collection":[{"href":"https:\/\/gare-online.it\/index.php\/wp-json\/wp\/v2\/posts"}],"about":[{"href":"https:\/\/gare-online.it\/index.php\/wp-json\/wp\/v2\/types\/post"}],"author":[{"embeddable":true,"href":"https:\/\/gare-online.it\/index.php\/wp-json\/wp\/v2\/users\/1"}],"replies":[{"embeddable":true,"href":"https:\/\/gare-online.it\/index.php\/wp-json\/wp\/v2\/comments?post=380"}],"version-history":[{"count":3,"href":"https:\/\/gare-online.it\/index.php\/wp-json\/wp\/v2\/posts\/380\/revisions"}],"predecessor-version":[{"id":531,"href":"https:\/\/gare-online.it\/index.php\/wp-json\/wp\/v2\/posts\/380\/revisions\/531"}],"wp:featuredmedia":[{"embeddable":true,"href":"https:\/\/gare-online.it\/index.php\/wp-json\/wp\/v2\/media\/381"}],"wp:attachment":[{"href":"https:\/\/gare-online.it\/index.php\/wp-json\/wp\/v2\/media?parent=380"}],"wp:term":[{"taxonomy":"category","embeddable":true,"href":"https:\/\/gare-online.it\/index.php\/wp-json\/wp\/v2\/categories?post=380"},{"taxonomy":"post_tag","embeddable":true,"href":"https:\/\/gare-online.it\/index.php\/wp-json\/wp\/v2\/tags?post=380"}],"curies":[{"name":"wp","href":"https:\/\/api.w.org\/{rel}","templated":true}]}}